{"id":253,"date":"2016-12-15T01:59:26","date_gmt":"2016-12-15T03:59:26","guid":{"rendered":"http:\/\/teste.lorando.com.br\/fotodecasamento\/?p=253"},"modified":"2019-12-23T17:34:55","modified_gmt":"2019-12-23T20:34:55","slug":"voalete-e-casquete","status":"publish","type":"post","link":"https:\/\/lorando.com.br\/fotodecasamento\/casamento\/voalete-e-casquete\/","title":{"rendered":"Voalete e Casquete"},"content":{"rendered":"\n<p>Ol\u00e1!&nbsp;No artigo de hoje, tentarei explicar dois acess\u00f3rios que d\u00e3o muito charme e sofistica\u00e7\u00e3o ao look das noivas: o Casquete e o Voalete.<\/p>\n\n\n\n<p>Ambos, al\u00e9m de estilosos, d\u00e3o um look vintage e podem ser utilizados isoladamente ou juntos.<\/p>\n\n\n\n<p>Para as noivas que desejam sair do tradicional, estes &nbsp;acess\u00f3rios s\u00e3o excelentes op\u00e7\u00f5es.<\/p>\n\n\n\n<p><strong>Casquete<\/strong><\/p>\n\n\n\n<p>\u00c9 um pequeno chap\u00e9u utilizado na lateral da cabe\u00e7a.<\/p>\n\n\n\n<p>Este acess\u00f3rio &nbsp;surgiu nos anos 40, e geralmente \u00e9 utilizado em casamento \u00e0 luz do dia.<\/p>\n\n\n\n<p>Existem Casquetes de v\u00e1rios tamanhos, mas a dica \u00e9 que o Casquete deve cobrir a cabe\u00e7a da noiva na mesma propor\u00e7\u00e3o que o vestido cobre o seu corpo. Ou seja, para um vestido curto com tomara que caia, aconselha-se um casquete pequeno.<\/p>\n\n\n\n<p>A noiva deve usar o casquete na lateral da cabe\u00e7a, no sentido contr\u00e1rio \u00e0 franja ou \u00e0 direita da cabe\u00e7a. Lembre-se de escolher modelos que combinem com o vestido.<\/p>\n\n\n\n<p>Uma curiosidade: &nbsp;quando este acess\u00f3rio \u00e9 adornado por plumas, pedrarias ou penas, ele passa a se chamar Fascinator.<\/p>\n\n\n\n<p>O Casquete pode ser preso por grampos ou por uma tiara.<\/p>\n\n\n\n<div class=\"wp-block-image\"><figure class=\"aligncenter size-large\"><img fetchpriority=\"high\" decoding=\"async\" width=\"625\" height=\"430\" src=\"http:\/\/lorando.com.br\/fotodecasamento\/wp-content\/uploads\/sites\/2\/2019\/12\/casquete-voalete-625x430-1.jpg\" alt=\"\" class=\"wp-image-8432\" srcset=\"https:\/\/lorando.com.br\/fotodecasamento\/wp-content\/uploads\/sites\/2\/2019\/12\/casquete-voalete-625x430-1.jpg 625w, https:\/\/lorando.com.br\/fotodecasamento\/wp-content\/uploads\/sites\/2\/2019\/12\/casquete-voalete-625x430-1-300x206.jpg 300w\" sizes=\"(max-width: 625px) 100vw, 625px\" \/><\/figure><\/div>\n\n\n\n<p><strong>Voalete<\/strong><\/p>\n\n\n\n<p>O Voalete ou Voilette<em>,&nbsp;<\/em>tem&nbsp;a fun\u00e7\u00e3o de um pequeno v\u00e9u, &nbsp;\u00e9 feito de um tecido com textura mais espa\u00e7ada devido ao fato dele ser usado sobre os olhos da noiva.<\/p>\n\n\n\n<p>Este acess\u00f3rio pode ser utilizado cobrindo os dois olhos, indo at\u00e9 a ponta do nariz, ou lateralmente, cobrindo apenas um dos olhos. Aqui no Brasil vejo poucas noivas utilizando o Voalete pelo fato de optarem em permanecer no tradicional V\u00e9u ou Mantilha (clique aqui pra saber a diferen\u00e7a). Mas acredite, a op\u00e7\u00e3o desse acess\u00f3rio&nbsp;n\u00e3o diminui em nada o glamour e a sofistica\u00e7\u00e3o do visual da noiva.<\/p>\n\n\n\n<div class=\"wp-block-image\"><figure class=\"aligncenter size-large\"><img decoding=\"async\" width=\"655\" height=\"430\" data-src=\"http:\/\/lorando.com.br\/fotodecasamento\/wp-content\/uploads\/sites\/2\/2019\/12\/voilette-001-655x430-1.jpg\" alt=\"\" class=\"wp-image-8464 lazyload\" data-srcset=\"https:\/\/lorando.com.br\/fotodecasamento\/wp-content\/uploads\/sites\/2\/2019\/12\/voilette-001-655x430-1.jpg 655w, https:\/\/lorando.com.br\/fotodecasamento\/wp-content\/uploads\/sites\/2\/2019\/12\/voilette-001-655x430-1-300x197.jpg 300w\" data-sizes=\"(max-width: 655px) 100vw, 655px\" src=\"data:image\/gif;base64,R0lGODlhAQABAAAAACH5BAEKAAEALAAAAAABAAEAAAICTAEAOw==\" style=\"--smush-placeholder-width: 655px; --smush-placeholder-aspect-ratio: 655\/430;\" \/><\/figure><\/div>\n\n\n\n<p>Bom, espero que essas dicas&nbsp;possam ajudar na escolha do seu look. At\u00e9 a pr\u00f3xima!<\/p>\n","protected":false},"excerpt":{"rendered":"<p>Ol\u00e1!&nbsp;No artigo de hoje, tentarei explicar dois acess\u00f3rios que d\u00e3o muito charme e sofistica\u00e7\u00e3o ao look das noivas: o Casquete e o Voalete. Ambos, al\u00e9m de estilosos, d\u00e3o um look&hellip;<\/p>\n<p> <a class=\"more-link\" href=\"https:\/\/lorando.com.br\/fotodecasamento\/casamento\/voalete-e-casquete\/\">Leia mais<\/a><\/p>\n","protected":false},"author":1,"featured_media":8463,"comment_status":"open","ping_status":"open","sticky":false,"template":"","format":"standard","meta":{"_monsterinsights_skip_tracking":false,"_monsterinsights_sitenote_active":false,"_monsterinsights_sitenote_note":"","_monsterinsights_sitenote_category":0,"footnotes":""},"categories":[4,7],"tags":[],"class_list":{"0":"post-253","1":"post","2":"type-post","3":"status-publish","4":"format-standard","5":"has-post-thumbnail","7":"category-casamento","8":"category-curiosidade"},"yoast_head":"<!-- This site is optimized with the Yoast SEO plugin v25.3 - https:\/\/yoast.com\/wordpress\/plugins\/seo\/ -->\n<title>Voalete e Casquete - Fot\u00f3grafo de Casamento RJ - Lorando Labbe<\/title>\n<meta name=\"description\" content=\"Voalete ou casquete? Entenda das diferen\u00e7as entre esses dois acess\u00f3rios para que voc\u00ea possa escolher qual se encaixa mais com o seu gosto.\" \/>\n<meta name=\"robots\" content=\"index, follow, max-snippet:-1, max-image-preview:large, max-video-preview:-1\" \/>\n<link rel=\"canonical\" href=\"https:\/\/lorando.com.br\/fotodecasamento\/casamento\/voalete-e-casquete\/\" \/>\n<meta property=\"og:locale\" content=\"pt_BR\" \/>\n<meta property=\"og:type\" content=\"article\" \/>\n<meta property=\"og:title\" content=\"Voalete e Casquete - Fot\u00f3grafo de Casamento RJ - Lorando Labbe\" \/>\n<meta property=\"og:description\" content=\"Voalete ou casquete? Entenda das diferen\u00e7as entre esses dois acess\u00f3rios para que voc\u00ea possa escolher qual se encaixa mais com o seu gosto.\" \/>\n<meta property=\"og:url\" content=\"https:\/\/lorando.com.br\/fotodecasamento\/casamento\/voalete-e-casquete\/\" \/>\n<meta property=\"og:site_name\" content=\"Fot\u00f3grafo de Casamento RJ - Lorando Labbe\" \/>\n<meta property=\"article:publisher\" content=\"https:\/\/www.facebook.com\/LorandoLabbe\" \/>\n<meta property=\"article:published_time\" content=\"2016-12-15T03:59:26+00:00\" \/>\n<meta property=\"article:modified_time\" content=\"2019-12-23T20:34:55+00:00\" \/>\n<meta property=\"og:image\" content=\"https:\/\/lorando.com.br\/fotodecasamento\/wp-content\/uploads\/sites\/2\/2019\/12\/voalete-001.jpg\" \/>\n\t<meta property=\"og:image:width\" content=\"900\" \/>\n\t<meta property=\"og:image:height\" content=\"599\" \/>\n\t<meta property=\"og:image:type\" content=\"image\/jpeg\" \/>\n<meta name=\"author\" content=\"lorando\" \/>\n<meta name=\"twitter:card\" content=\"summary_large_image\" \/>\n<meta name=\"twitter:label1\" content=\"Escrito por\" \/>\n\t<meta name=\"twitter:data1\" content=\"lorando\" \/>\n\t<meta name=\"twitter:label2\" content=\"Est. tempo de leitura\" \/>\n\t<meta name=\"twitter:data2\" content=\"2 minutos\" \/>\n<script type=\"application\/ld+json\" class=\"yoast-schema-graph\">{\"@context\":\"https:\/\/schema.org\",\"@graph\":[{\"@type\":\"Article\",\"@id\":\"https:\/\/lorando.com.br\/fotodecasamento\/casamento\/voalete-e-casquete\/#article\",\"isPartOf\":{\"@id\":\"https:\/\/lorando.com.br\/fotodecasamento\/casamento\/voalete-e-casquete\/\"},\"author\":{\"name\":\"lorando\",\"@id\":\"https:\/\/lorando.com.br\/fotodecasamento\/#\/schema\/person\/0c55aa0cb2964feda73aef746af42e8d\"},\"headline\":\"Voalete e Casquete\",\"datePublished\":\"2016-12-15T03:59:26+00:00\",\"dateModified\":\"2019-12-23T20:34:55+00:00\",\"mainEntityOfPage\":{\"@id\":\"https:\/\/lorando.com.br\/fotodecasamento\/casamento\/voalete-e-casquete\/\"},\"wordCount\":324,\"commentCount\":0,\"publisher\":{\"@id\":\"https:\/\/lorando.com.br\/fotodecasamento\/#organization\"},\"image\":{\"@id\":\"https:\/\/lorando.com.br\/fotodecasamento\/casamento\/voalete-e-casquete\/#primaryimage\"},\"thumbnailUrl\":\"https:\/\/lorando.com.br\/fotodecasamento\/wp-content\/uploads\/sites\/2\/2019\/12\/voalete-001.jpg\",\"articleSection\":[\"Casamento\",\"Curiosidade\"],\"inLanguage\":\"pt-BR\",\"potentialAction\":[{\"@type\":\"CommentAction\",\"name\":\"Comment\",\"target\":[\"https:\/\/lorando.com.br\/fotodecasamento\/casamento\/voalete-e-casquete\/#respond\"]}]},{\"@type\":\"WebPage\",\"@id\":\"https:\/\/lorando.com.br\/fotodecasamento\/casamento\/voalete-e-casquete\/\",\"url\":\"https:\/\/lorando.com.br\/fotodecasamento\/casamento\/voalete-e-casquete\/\",\"name\":\"Voalete e Casquete - Fot\u00f3grafo de Casamento RJ - Lorando Labbe\",\"isPartOf\":{\"@id\":\"https:\/\/lorando.com.br\/fotodecasamento\/#website\"},\"primaryImageOfPage\":{\"@id\":\"https:\/\/lorando.com.br\/fotodecasamento\/casamento\/voalete-e-casquete\/#primaryimage\"},\"image\":{\"@id\":\"https:\/\/lorando.com.br\/fotodecasamento\/casamento\/voalete-e-casquete\/#primaryimage\"},\"thumbnailUrl\":\"https:\/\/lorando.com.br\/fotodecasamento\/wp-content\/uploads\/sites\/2\/2019\/12\/voalete-001.jpg\",\"datePublished\":\"2016-12-15T03:59:26+00:00\",\"dateModified\":\"2019-12-23T20:34:55+00:00\",\"description\":\"Voalete ou casquete? Entenda das diferen\u00e7as entre esses dois acess\u00f3rios para que voc\u00ea possa escolher qual se encaixa mais com o seu gosto.\",\"breadcrumb\":{\"@id\":\"https:\/\/lorando.com.br\/fotodecasamento\/casamento\/voalete-e-casquete\/#breadcrumb\"},\"inLanguage\":\"pt-BR\",\"potentialAction\":[{\"@type\":\"ReadAction\",\"target\":[\"https:\/\/lorando.com.br\/fotodecasamento\/casamento\/voalete-e-casquete\/\"]}]},{\"@type\":\"ImageObject\",\"inLanguage\":\"pt-BR\",\"@id\":\"https:\/\/lorando.com.br\/fotodecasamento\/casamento\/voalete-e-casquete\/#primaryimage\",\"url\":\"https:\/\/lorando.com.br\/fotodecasamento\/wp-content\/uploads\/sites\/2\/2019\/12\/voalete-001.jpg\",\"contentUrl\":\"https:\/\/lorando.com.br\/fotodecasamento\/wp-content\/uploads\/sites\/2\/2019\/12\/voalete-001.jpg\",\"width\":900,\"height\":599},{\"@type\":\"BreadcrumbList\",\"@id\":\"https:\/\/lorando.com.br\/fotodecasamento\/casamento\/voalete-e-casquete\/#breadcrumb\",\"itemListElement\":[{\"@type\":\"ListItem\",\"position\":1,\"name\":\"In\u00edcio\",\"item\":\"https:\/\/lorando.com.br\/fotodecasamento\/\"},{\"@type\":\"ListItem\",\"position\":2,\"name\":\"Voalete e Casquete\"}]},{\"@type\":\"WebSite\",\"@id\":\"https:\/\/lorando.com.br\/fotodecasamento\/#website\",\"url\":\"https:\/\/lorando.com.br\/fotodecasamento\/\",\"name\":\"Fot\u00f3grafo de Casamento RJ - Lorando Labbe\",\"description\":\"S\u00f3 mais um site Lorando Labbe - Fot\u00f3grafo RJ - Websites\",\"publisher\":{\"@id\":\"https:\/\/lorando.com.br\/fotodecasamento\/#organization\"},\"potentialAction\":[{\"@type\":\"SearchAction\",\"target\":{\"@type\":\"EntryPoint\",\"urlTemplate\":\"https:\/\/lorando.com.br\/fotodecasamento\/?s={search_term_string}\"},\"query-input\":{\"@type\":\"PropertyValueSpecification\",\"valueRequired\":true,\"valueName\":\"search_term_string\"}}],\"inLanguage\":\"pt-BR\"},{\"@type\":\"Organization\",\"@id\":\"https:\/\/lorando.com.br\/fotodecasamento\/#organization\",\"name\":\"Fot\u00f3grafo de Casamento RJ - Lorando Labbe\",\"url\":\"https:\/\/lorando.com.br\/fotodecasamento\/\",\"logo\":{\"@type\":\"ImageObject\",\"inLanguage\":\"pt-BR\",\"@id\":\"https:\/\/lorando.com.br\/fotodecasamento\/#\/schema\/logo\/image\/\",\"url\":\"https:\/\/lorando.com.br\/fotodecasamento\/wp-content\/uploads\/sites\/2\/2020\/08\/cropped-Logo-Site-Retangular-01.png\",\"contentUrl\":\"https:\/\/lorando.com.br\/fotodecasamento\/wp-content\/uploads\/sites\/2\/2020\/08\/cropped-Logo-Site-Retangular-01.png\",\"width\":1140,\"height\":423,\"caption\":\"Fot\u00f3grafo de Casamento RJ - Lorando Labbe\"},\"image\":{\"@id\":\"https:\/\/lorando.com.br\/fotodecasamento\/#\/schema\/logo\/image\/\"},\"sameAs\":[\"https:\/\/www.facebook.com\/LorandoLabbe\",\"https:\/\/www.instagram.com\/lorando.fotodecasamento\/\"]},{\"@type\":\"Person\",\"@id\":\"https:\/\/lorando.com.br\/fotodecasamento\/#\/schema\/person\/0c55aa0cb2964feda73aef746af42e8d\",\"name\":\"lorando\",\"image\":{\"@type\":\"ImageObject\",\"inLanguage\":\"pt-BR\",\"@id\":\"https:\/\/lorando.com.br\/fotodecasamento\/#\/schema\/person\/image\/\",\"url\":\"https:\/\/secure.gravatar.com\/avatar\/8e63bc95cc7be26aa0e04e027507d15dee1d02c8055e9165c76832d3f14353dc?s=96&d=mm&r=g\",\"contentUrl\":\"https:\/\/secure.gravatar.com\/avatar\/8e63bc95cc7be26aa0e04e027507d15dee1d02c8055e9165c76832d3f14353dc?s=96&d=mm&r=g\",\"caption\":\"lorando\"},\"url\":\"https:\/\/lorando.com.br\/fotodecasamento\/author\/lorando\/\"}]}<\/script>\n<!-- \/ Yoast SEO plugin. -->","yoast_head_json":{"title":"Voalete e Casquete - Fot\u00f3grafo de Casamento RJ - Lorando Labbe","description":"Voalete ou casquete? Entenda das diferen\u00e7as entre esses dois acess\u00f3rios para que voc\u00ea possa escolher qual se encaixa mais com o seu gosto.","robots":{"index":"index","follow":"follow","max-snippet":"max-snippet:-1","max-image-preview":"max-image-preview:large","max-video-preview":"max-video-preview:-1"},"canonical":"https:\/\/lorando.com.br\/fotodecasamento\/casamento\/voalete-e-casquete\/","og_locale":"pt_BR","og_type":"article","og_title":"Voalete e Casquete - Fot\u00f3grafo de Casamento RJ - Lorando Labbe","og_description":"Voalete ou casquete? Entenda das diferen\u00e7as entre esses dois acess\u00f3rios para que voc\u00ea possa escolher qual se encaixa mais com o seu gosto.","og_url":"https:\/\/lorando.com.br\/fotodecasamento\/casamento\/voalete-e-casquete\/","og_site_name":"Fot\u00f3grafo de Casamento RJ - Lorando Labbe","article_publisher":"https:\/\/www.facebook.com\/LorandoLabbe","article_published_time":"2016-12-15T03:59:26+00:00","article_modified_time":"2019-12-23T20:34:55+00:00","og_image":[{"width":900,"height":599,"url":"https:\/\/lorando.com.br\/fotodecasamento\/wp-content\/uploads\/sites\/2\/2019\/12\/voalete-001.jpg","type":"image\/jpeg"}],"author":"lorando","twitter_card":"summary_large_image","twitter_misc":{"Escrito por":"lorando","Est. tempo de leitura":"2 minutos"},"schema":{"@context":"https:\/\/schema.org","@graph":[{"@type":"Article","@id":"https:\/\/lorando.com.br\/fotodecasamento\/casamento\/voalete-e-casquete\/#article","isPartOf":{"@id":"https:\/\/lorando.com.br\/fotodecasamento\/casamento\/voalete-e-casquete\/"},"author":{"name":"lorando","@id":"https:\/\/lorando.com.br\/fotodecasamento\/#\/schema\/person\/0c55aa0cb2964feda73aef746af42e8d"},"headline":"Voalete e Casquete","datePublished":"2016-12-15T03:59:26+00:00","dateModified":"2019-12-23T20:34:55+00:00","mainEntityOfPage":{"@id":"https:\/\/lorando.com.br\/fotodecasamento\/casamento\/voalete-e-casquete\/"},"wordCount":324,"commentCount":0,"publisher":{"@id":"https:\/\/lorando.com.br\/fotodecasamento\/#organization"},"image":{"@id":"https:\/\/lorando.com.br\/fotodecasamento\/casamento\/voalete-e-casquete\/#primaryimage"},"thumbnailUrl":"https:\/\/lorando.com.br\/fotodecasamento\/wp-content\/uploads\/sites\/2\/2019\/12\/voalete-001.jpg","articleSection":["Casamento","Curiosidade"],"inLanguage":"pt-BR","potentialAction":[{"@type":"CommentAction","name":"Comment","target":["https:\/\/lorando.com.br\/fotodecasamento\/casamento\/voalete-e-casquete\/#respond"]}]},{"@type":"WebPage","@id":"https:\/\/lorando.com.br\/fotodecasamento\/casamento\/voalete-e-casquete\/","url":"https:\/\/lorando.com.br\/fotodecasamento\/casamento\/voalete-e-casquete\/","name":"Voalete e Casquete - Fot\u00f3grafo de Casamento RJ - Lorando Labbe","isPartOf":{"@id":"https:\/\/lorando.com.br\/fotodecasamento\/#website"},"primaryImageOfPage":{"@id":"https:\/\/lorando.com.br\/fotodecasamento\/casamento\/voalete-e-casquete\/#primaryimage"},"image":{"@id":"https:\/\/lorando.com.br\/fotodecasamento\/casamento\/voalete-e-casquete\/#primaryimage"},"thumbnailUrl":"https:\/\/lorando.com.br\/fotodecasamento\/wp-content\/uploads\/sites\/2\/2019\/12\/voalete-001.jpg","datePublished":"2016-12-15T03:59:26+00:00","dateModified":"2019-12-23T20:34:55+00:00","description":"Voalete ou casquete? Entenda das diferen\u00e7as entre esses dois acess\u00f3rios para que voc\u00ea possa escolher qual se encaixa mais com o seu gosto.","breadcrumb":{"@id":"https:\/\/lorando.com.br\/fotodecasamento\/casamento\/voalete-e-casquete\/#breadcrumb"},"inLanguage":"pt-BR","potentialAction":[{"@type":"ReadAction","target":["https:\/\/lorando.com.br\/fotodecasamento\/casamento\/voalete-e-casquete\/"]}]},{"@type":"ImageObject","inLanguage":"pt-BR","@id":"https:\/\/lorando.com.br\/fotodecasamento\/casamento\/voalete-e-casquete\/#primaryimage","url":"https:\/\/lorando.com.br\/fotodecasamento\/wp-content\/uploads\/sites\/2\/2019\/12\/voalete-001.jpg","contentUrl":"https:\/\/lorando.com.br\/fotodecasamento\/wp-content\/uploads\/sites\/2\/2019\/12\/voalete-001.jpg","width":900,"height":599},{"@type":"BreadcrumbList","@id":"https:\/\/lorando.com.br\/fotodecasamento\/casamento\/voalete-e-casquete\/#breadcrumb","itemListElement":[{"@type":"ListItem","position":1,"name":"In\u00edcio","item":"https:\/\/lorando.com.br\/fotodecasamento\/"},{"@type":"ListItem","position":2,"name":"Voalete e Casquete"}]},{"@type":"WebSite","@id":"https:\/\/lorando.com.br\/fotodecasamento\/#website","url":"https:\/\/lorando.com.br\/fotodecasamento\/","name":"Fot\u00f3grafo de Casamento RJ - Lorando Labbe","description":"S\u00f3 mais um site Lorando Labbe - Fot\u00f3grafo RJ - Websites","publisher":{"@id":"https:\/\/lorando.com.br\/fotodecasamento\/#organization"},"potentialAction":[{"@type":"SearchAction","target":{"@type":"EntryPoint","urlTemplate":"https:\/\/lorando.com.br\/fotodecasamento\/?s={search_term_string}"},"query-input":{"@type":"PropertyValueSpecification","valueRequired":true,"valueName":"search_term_string"}}],"inLanguage":"pt-BR"},{"@type":"Organization","@id":"https:\/\/lorando.com.br\/fotodecasamento\/#organization","name":"Fot\u00f3grafo de Casamento RJ - Lorando Labbe","url":"https:\/\/lorando.com.br\/fotodecasamento\/","logo":{"@type":"ImageObject","inLanguage":"pt-BR","@id":"https:\/\/lorando.com.br\/fotodecasamento\/#\/schema\/logo\/image\/","url":"https:\/\/lorando.com.br\/fotodecasamento\/wp-content\/uploads\/sites\/2\/2020\/08\/cropped-Logo-Site-Retangular-01.png","contentUrl":"https:\/\/lorando.com.br\/fotodecasamento\/wp-content\/uploads\/sites\/2\/2020\/08\/cropped-Logo-Site-Retangular-01.png","width":1140,"height":423,"caption":"Fot\u00f3grafo de Casamento RJ - Lorando Labbe"},"image":{"@id":"https:\/\/lorando.com.br\/fotodecasamento\/#\/schema\/logo\/image\/"},"sameAs":["https:\/\/www.facebook.com\/LorandoLabbe","https:\/\/www.instagram.com\/lorando.fotodecasamento\/"]},{"@type":"Person","@id":"https:\/\/lorando.com.br\/fotodecasamento\/#\/schema\/person\/0c55aa0cb2964feda73aef746af42e8d","name":"lorando","image":{"@type":"ImageObject","inLanguage":"pt-BR","@id":"https:\/\/lorando.com.br\/fotodecasamento\/#\/schema\/person\/image\/","url":"https:\/\/secure.gravatar.com\/avatar\/8e63bc95cc7be26aa0e04e027507d15dee1d02c8055e9165c76832d3f14353dc?s=96&d=mm&r=g","contentUrl":"https:\/\/secure.gravatar.com\/avatar\/8e63bc95cc7be26aa0e04e027507d15dee1d02c8055e9165c76832d3f14353dc?s=96&d=mm&r=g","caption":"lorando"},"url":"https:\/\/lorando.com.br\/fotodecasamento\/author\/lorando\/"}]}},"_links":{"self":[{"href":"https:\/\/lorando.com.br\/fotodecasamento\/wp-json\/wp\/v2\/posts\/253","targetHints":{"allow":["GET"]}}],"collection":[{"href":"https:\/\/lorando.com.br\/fotodecasamento\/wp-json\/wp\/v2\/posts"}],"about":[{"href":"https:\/\/lorando.com.br\/fotodecasamento\/wp-json\/wp\/v2\/types\/post"}],"author":[{"embeddable":true,"href":"https:\/\/lorando.com.br\/fotodecasamento\/wp-json\/wp\/v2\/users\/1"}],"replies":[{"embeddable":true,"href":"https:\/\/lorando.com.br\/fotodecasamento\/wp-json\/wp\/v2\/comments?post=253"}],"version-history":[{"count":2,"href":"https:\/\/lorando.com.br\/fotodecasamento\/wp-json\/wp\/v2\/posts\/253\/revisions"}],"predecessor-version":[{"id":8514,"href":"https:\/\/lorando.com.br\/fotodecasamento\/wp-json\/wp\/v2\/posts\/253\/revisions\/8514"}],"wp:featuredmedia":[{"embeddable":true,"href":"https:\/\/lorando.com.br\/fotodecasamento\/wp-json\/wp\/v2\/media\/8463"}],"wp:attachment":[{"href":"https:\/\/lorando.com.br\/fotodecasamento\/wp-json\/wp\/v2\/media?parent=253"}],"wp:term":[{"taxonomy":"category","embeddable":true,"href":"https:\/\/lorando.com.br\/fotodecasamento\/wp-json\/wp\/v2\/categories?post=253"},{"taxonomy":"post_tag","embeddable":true,"href":"https:\/\/lorando.com.br\/fotodecasamento\/wp-json\/wp\/v2\/tags?post=253"}],"curies":[{"name":"wp","href":"https:\/\/api.w.org\/{rel}","templated":true}]}}